{"id":6208,"date":"2022-09-08T08:45:12","date_gmt":"2022-09-08T08:45:12","guid":{"rendered":"https:\/\/inastra.com\/?p=6208"},"modified":"2022-09-08T08:45:12","modified_gmt":"2022-09-08T08:45:12","slug":"intervista-al-naso-sofia-bardelli","status":"publish","type":"post","link":"https:\/\/inastra.com\/it\/intervista-al-naso-sofia-bardelli\/","title":{"rendered":"Intervista al Naso Sofia Bardelli"},"content":{"rendered":"<p class=\"p1\">Creare dal nulla un profumo indimenticabile \u00e8 un mestiere prestigioso, da sempre avvolto nel mistero, chi lo fa viene chiamato \u201cil Naso\u201d. La sua missione \u00e8 tradurre olfattivamente un\u2019idea, creando un equilibrio tra le diverse materie prime. Un Naso deve saper raccontare gli odori e conoscere a fondo le infinite sfaccettature di ciascun ingrediente.<\/p>\n<p class=\"p1\"><b>Come si diventa Naso?<br \/>\n<\/b>Gli studi scientifici e la chimica in particolare, sono il punto d\u2019inizio della formazione, che poi prevede una specializzazione presso le grandi accademie del settore, dove insegnano a sviluppare la <b>memoria olfattiva<\/b> per riuscire a identificare diverse centinaia di materie prime.<br \/>\nAbbiamo chiesto a Sofia, la creatrice dei profumi In Astra, di <b>raccontarci il mondo della profumeria<\/b> e la sua personale visione di questo affascinante lavoro<\/p>\n<p class=\"p1\"><b>Che cosa rappresenta per te il profumo?<br \/>\n<\/b>Il profumo \u00e8 comunicazione, \u00e8 emozione. Ogni emozione che proviamo ha un odore particolare e unico. Ricordiamo sempre i profumi che abbiamo sentito nei momenti memorabili della nostra vita, quando eravamo felici o tristi, sorpresi o affascinati da luoghi, emozioni, persone. Il profumo trasmette la nostra essenza, ci\u00f2 che di noi che vogliamo far percepire agli altri, spesso spruzziamo la nostra fragranza preferita per apparire pi\u00f9 sexy, pi\u00f9 audaci o solamente per un momento intimo di relax.<\/p>\n<p class=\"p1\"><img fetchpriority=\"high\" decoding=\"async\" class=\"wp-image-6210 alignleft\" src=\"https:\/\/inastra.com\/wp-content\/uploads\/2022\/09\/Stella-Polare_InAstra-1.jpg\" alt=\"Stella-Polare_InAstra\" width=\"449\" height=\"359\" srcset=\"https:\/\/inastra.com\/wp-content\/uploads\/2022\/09\/Stella-Polare_InAstra-1.jpg 954w, https:\/\/inastra.com\/wp-content\/uploads\/2022\/09\/Stella-Polare_InAstra-1-300x240.jpg 300w, https:\/\/inastra.com\/wp-content\/uploads\/2022\/09\/Stella-Polare_InAstra-1-768x613.jpg 768w, https:\/\/inastra.com\/wp-content\/uploads\/2022\/09\/Stella-Polare_InAstra-1-600x479.jpg 600w\" sizes=\"(max-width: 449px) 100vw, 449px\" \/><\/p>\n<p>&nbsp;<\/p>\n<p class=\"p1\"><b>Come nasce un profumo In Astra?<br \/>\n<\/b>Ogni profumo In Astra nasce da un\u2019attenta ricerca della stella a cui si ispira: studio le caratteristiche che mi aiutano a comprendere il suo essere. Da l\u00ec, il processo creativo prende forma: le note si uniscono in accordi armoniosi costruiti con materie prime spesse volte contrastanti, che arrivano a formare l\u2019essenza di un\u2019unica, inimitabile, sinfonia.<\/p>\n<p class=\"p1\"><b>Qual \u00e8 stata la tua prima composizione per In Astra?<br \/>\n<\/b>La prima composizione per In Astra \u00e8 stata <a title=\"Mismar\" href=\"https:\/\/inastra.com\/shop\/mismar\/\"><span class=\"s1\"><b style=\"color: #c29436;\">Mismar<\/b><\/span><\/a>. Ha avuto un lungo processo di creazione perch\u00e9 ho stravolto pi\u00f9 volte la sua struttura fino ad arrivare a un\u2019essenza bilanciata e che rappresentasse la mia visione olfattiva della magnifica <b>Stella Polare<\/b>.<\/p>\n<p class=\"p1\"><b>Qual \u00e8 la tua materia prima preferita?<br \/>\n<\/b>Amo particolarmente <b>l\u2019olio essenziale di pepe rosa<\/b>. Le sue note speziate metalliche, esperidate e fruttate, evocano energia e solarit\u00e0 di mondi lontani. Il pepe rosa \u00e8 presente nel nostro profumo <a title=\"Antares\" href=\"https:\/\/inastra.com\/shop\/antares\/\"><span class=\"s1\"><b style=\"color: #c29436;\">Antares<\/b><\/span><\/a>: indossandolo si possono apprezzare tutte le sfaccettature speziate e frizzanti di questa fantastica materia prima.<\/p>\n<p class=\"p1\">Se avete altre domande da fare a Sofia, o sul mondo affascinante della profumeria selettiva, seguite e inviate i vostri messaggi a <a href=\"https:\/\/www.instagram.com\/inastrafragrances\/\" target=\"_blank\" rel=\"noopener\">@inastrafragrances<\/a> sui nostri social, ci vediamo l\u00ec!<\/p>\n","protected":false},"excerpt":{"rendered":"<p>Creare dal nulla un profumo indimenticabile \u00e8 un mestiere prestigioso, da sempre avvolto nel mistero, chi lo fa viene chiamato \u201cil Naso\u201d. La sua missione \u00e8 tradurre olfattivamente un\u2019idea, creando un equilibrio tra le diverse materie prime. Un Naso deve saper raccontare gli odori e conoscere a fondo le infinite sfaccettature di ciascun ingrediente. Come [&hellip;]<\/p>\n","protected":false},"author":25,"featured_media":6209,"comment_status":"closed","ping_status":"open","sticky":false,"template":"","format":"standard","meta":{"footnotes":""},"categories":[27],"tags":[],"class_list":["post-6208","post","type-post","status-publish","format-standard","has-post-thumbnail","hentry","category-in-astra"],"_links":{"self":[{"href":"https:\/\/inastra.com\/it\/wp-json\/wp\/v2\/posts\/6208","targetHints":{"allow":["GET"]}}],"collection":[{"href":"https:\/\/inastra.com\/it\/wp-json\/wp\/v2\/posts"}],"about":[{"href":"https:\/\/inastra.com\/it\/wp-json\/wp\/v2\/types\/post"}],"author":[{"embeddable":true,"href":"https:\/\/inastra.com\/it\/wp-json\/wp\/v2\/users\/25"}],"replies":[{"embeddable":true,"href":"https:\/\/inastra.com\/it\/wp-json\/wp\/v2\/comments?post=6208"}],"version-history":[{"count":0,"href":"https:\/\/inastra.com\/it\/wp-json\/wp\/v2\/posts\/6208\/revisions"}],"wp:featuredmedia":[{"embeddable":true,"href":"https:\/\/inastra.com\/it\/wp-json\/wp\/v2\/media\/6209"}],"wp:attachment":[{"href":"https:\/\/inastra.com\/it\/wp-json\/wp\/v2\/media?parent=6208"}],"wp:term":[{"taxonomy":"category","embeddable":true,"href":"https:\/\/inastra.com\/it\/wp-json\/wp\/v2\/categories?post=6208"},{"taxonomy":"post_tag","embeddable":true,"href":"https:\/\/inastra.com\/it\/wp-json\/wp\/v2\/tags?post=6208"}],"curies":[{"name":"wp","href":"https:\/\/api.w.org\/{rel}","templated":true}]}}