{"id":8568,"date":"2024-09-19T09:32:58","date_gmt":"2024-09-19T09:32:58","guid":{"rendered":"https:\/\/inastra.com\/?p=8568"},"modified":"2026-08-31T09:54:03","modified_gmt":"2026-08-31T09:54:03","slug":"in-astra-alla-biennale-light-art-2024","status":"publish","type":"post","link":"https:\/\/inastra.com\/it\/in-astra-alla-biennale-light-art-2024\/","title":{"rendered":"IN ASTRA ALLA BIENNALE LIGHT ART 2024"},"content":{"rendered":"<p>Siamo lieti di annunciare la nostra partecipazione all\u2019edizione 2024 della <strong>Biennale Light Art <\/strong>di Mantova, che si terr\u00e0 dal 21 settembre al 6 ottobre presso la Casa del Mantegna.<\/p>\n<p>Due preziose installazioni olfattive faranno da supporto profumato alle opere di <strong>Antonio Barrese e Pietro Pirelli<\/strong>, illustri esponenti italiani della <strong>Light Art<\/strong>.<\/p>\n<p style=\"text-align: center;\"><img fetchpriority=\"high\" decoding=\"async\" src=\"https:\/\/inastra.com\/wp-content\/uploads\/2024\/09\/opera-pirelli-1-300x300.jpg\" alt=\"opera-pirelli\" width=\"300\" height=\"300\" \/>\u00a0<br \/><em>copyright Pietro Pirelli<\/em><\/p>\n<p>Il dualismo tra luce e buio sar\u00e0 il <em>fil rouge<\/em> della manifestazione: la <strong>luce<\/strong> \u00e8 forza creatrice, \u00e8 motore di pace e tranquillit\u00e0; il <strong>buio<\/strong>, invece, \u00e8 sinonimo di paura e angoscia. L\u2019Evento vuole, infatti, riprodurre sensazioni ed emozioni gi\u00e0 pienamente vissute dall\u2019umanit\u00e0 ed enfatizzare il bisogno irrinunciabile di luce e bellezza.<\/p>\n<p>In linea con lo spirito della <strong>Biennale 2024<\/strong>, le fragranze di <strong>IN ASTRA<\/strong> rappresentano il connubio perfetto tra l\u2019effimero del profumo e l\u2019eterna bellezza delle stelle.<br \/>Gli astri sono costantemente turbati da fattori interni ed esterni, in analogia con la vita degli esseri umani. Bisogna dunque guardare il cielo da un\u2019altra prospettiva, lasciarsi ispirare dalla sua bellezza e salpare alla ricerca dell\u2019eterno fascino poetico dell\u2019Universo.<\/p>\n<p style=\"text-align: center;\"><em><img decoding=\"async\" src=\"https:\/\/inastra.com\/wp-content\/uploads\/2024\/09\/opera-barrese-1-300x300.jpg\" alt=\"\" width=\"300\" height=\"300\" \/><br \/>copyright Antonio Barrese<\/em><\/p>\n","protected":false},"excerpt":{"rendered":"<p>Siamo lieti di annunciare la nostra partecipazione all\u2019edizione 2024 della Biennale Light Art di Mantova, che si terr\u00e0 dal 21 settembre al 6 ottobre presso la Casa del Mantegna. Due preziose installazioni olfattive faranno da supporto profumato alle opere di Antonio Barrese e Pietro Pirelli, illustri esponenti italiani della Light Art. \u00a0copyright Pietro Pirelli Il [&hellip;]<\/p>\n","protected":false},"author":25,"featured_media":8575,"comment_status":"closed","ping_status":"open","sticky":false,"template":"","format":"standard","meta":{"footnotes":""},"categories":[27],"tags":[],"class_list":["post-8568","post","type-post","status-publish","format-standard","has-post-thumbnail","hentry","category-in-astra"],"_links":{"self":[{"href":"https:\/\/inastra.com\/it\/wp-json\/wp\/v2\/posts\/8568","targetHints":{"allow":["GET"]}}],"collection":[{"href":"https:\/\/inastra.com\/it\/wp-json\/wp\/v2\/posts"}],"about":[{"href":"https:\/\/inastra.com\/it\/wp-json\/wp\/v2\/types\/post"}],"author":[{"embeddable":true,"href":"https:\/\/inastra.com\/it\/wp-json\/wp\/v2\/users\/25"}],"replies":[{"embeddable":true,"href":"https:\/\/inastra.com\/it\/wp-json\/wp\/v2\/comments?post=8568"}],"version-history":[{"count":1,"href":"https:\/\/inastra.com\/it\/wp-json\/wp\/v2\/posts\/8568\/revisions"}],"predecessor-version":[{"id":10734,"href":"https:\/\/inastra.com\/it\/wp-json\/wp\/v2\/posts\/8568\/revisions\/10734"}],"wp:featuredmedia":[{"embeddable":true,"href":"https:\/\/inastra.com\/it\/wp-json\/wp\/v2\/media\/8575"}],"wp:attachment":[{"href":"https:\/\/inastra.com\/it\/wp-json\/wp\/v2\/media?parent=8568"}],"wp:term":[{"taxonomy":"category","embeddable":true,"href":"https:\/\/inastra.com\/it\/wp-json\/wp\/v2\/categories?post=8568"},{"taxonomy":"post_tag","embeddable":true,"href":"https:\/\/inastra.com\/it\/wp-json\/wp\/v2\/tags?post=8568"}],"curies":[{"name":"wp","href":"https:\/\/api.w.org\/{rel}","templated":true}]}}